{"id":5652,"date":"2025-10-03T12:20:31","date_gmt":"2025-10-03T10:20:31","guid":{"rendered":"https:\/\/www.tsv-muenchingen.de\/fussball\/?p=5652"},"modified":"2025-10-03T12:20:33","modified_gmt":"2025-10-03T10:20:33","slug":"grosszuegige-unterstuetzung-fuer-unsere-jugend-danke-firma-a-a-stuckateur-und-maler-gmbh","status":"publish","type":"post","link":"https:\/\/www.tsv-muenchingen.de\/fussball\/grosszuegige-unterstuetzung-fuer-unsere-jugend-danke-firma-a-a-stuckateur-und-maler-gmbh\/","title":{"rendered":"Gro\u00dfz\u00fcgige Unterst\u00fctzung f\u00fcr unsere Jugend \u2013 Danke, Firma A.A. Stuckateur und Maler GmbH!"},"content":{"rendered":"\n<p>Der TSV M\u00fcnchingen sagt herzlichen Dank an die Firma A.A. Stuckateur und Maler GmbH, die unsere B-Jugend mit einer kompletten Ausstattung an Heim- und Ausw\u00e4rtstrikots sowie neuen Warmlaufpullis ausgestattet hat.<\/p>\n\n\n\n<p>Doch damit nicht genug: In beeindruckender Eigeninitiative und auf eigene Kosten hat die Firma A.A. Stuckateur und Maler GmbH au\u00dferdem die Bewirtungs- und Lagerr\u00e4ume unseres Vereins grundlegend renoviert \u2013 ein echter Gewinn f\u00fcr den gesamten TSV!<\/p>\n\n\n\n<p>Wir freuen uns \u00fcber diese starke Partnerschaft und sind dankbar f\u00fcr das Engagement, das weit \u00fcber das \u00dcbliche hinausgeht. Mit solchen Unterst\u00fctzern macht Vereinsarbeit doppelt Freude!<\/p>\n\n\n\n<p>DANKE an Fatih, Abedin und Harun<\/p>\n\n\n\n<p>Ihr seid ein echtes Vorbild in Sachen Sportsgeist und Gemeinschaftssinn.<\/p>\n\n\n\n<figure class=\"wp-block-image size-large\"><img loading=\"lazy\" decoding=\"async\" width=\"652\" height=\"1024\" src=\"https:\/\/www.tsv-muenchingen.de\/fussball\/wp-content\/uploads\/sites\/8\/2025\/10\/WhatsApp-Image-2025-09-21-at-08.34.25-652x1024.jpeg\" alt=\"\" class=\"wp-image-5664\" srcset=\"https:\/\/www.tsv-muenchingen.de\/fussball\/wp-content\/uploads\/sites\/8\/2025\/10\/WhatsApp-Image-2025-09-21-at-08.34.25-652x1024.jpeg 652w, https:\/\/www.tsv-muenchingen.de\/fussball\/wp-content\/uploads\/sites\/8\/2025\/10\/WhatsApp-Image-2025-09-21-at-08.34.25-191x300.jpeg 191w, https:\/\/www.tsv-muenchingen.de\/fussball\/wp-content\/uploads\/sites\/8\/2025\/10\/WhatsApp-Image-2025-09-21-at-08.34.25-768x1206.jpeg 768w, https:\/\/www.tsv-muenchingen.de\/fussball\/wp-content\/uploads\/sites\/8\/2025\/10\/WhatsApp-Image-2025-09-21-at-08.34.25-978x1536.jpeg 978w, https:\/\/www.tsv-muenchingen.de\/fussball\/wp-content\/uploads\/sites\/8\/2025\/10\/WhatsApp-Image-2025-09-21-at-08.34.25.jpeg 1019w\" sizes=\"auto, (max-width: 652px) 100vw, 652px\" \/><\/figure>\n\n\n\n<figure class=\"wp-block-image size-large\"><img loading=\"lazy\" decoding=\"async\" width=\"1024\" height=\"768\" src=\"https:\/\/www.tsv-muenchingen.de\/fussball\/wp-content\/uploads\/sites\/8\/2025\/10\/Bild-5-1024x768.jpeg\" alt=\"\" class=\"wp-image-5657\" srcset=\"https:\/\/www.tsv-muenchingen.de\/fussball\/wp-content\/uploads\/sites\/8\/2025\/10\/Bild-5-1024x768.jpeg 1024w, https:\/\/www.tsv-muenchingen.de\/fussball\/wp-content\/uploads\/sites\/8\/2025\/10\/Bild-5-300x225.jpeg 300w, https:\/\/www.tsv-muenchingen.de\/fussball\/wp-content\/uploads\/sites\/8\/2025\/10\/Bild-5-768x576.jpeg 768w, https:\/\/www.tsv-muenchingen.de\/fussball\/wp-content\/uploads\/sites\/8\/2025\/10\/Bild-5-1536x1152.jpeg 1536w, https:\/\/www.tsv-muenchingen.de\/fussball\/wp-content\/uploads\/sites\/8\/2025\/10\/Bild-5.jpeg 1600w\" sizes=\"auto, (max-width: 1024px) 100vw, 1024px\" \/><\/figure>\n\n\n\n<figure class=\"wp-block-image size-large\"><img loading=\"lazy\" decoding=\"async\" width=\"1024\" height=\"768\" src=\"https:\/\/www.tsv-muenchingen.de\/fussball\/wp-content\/uploads\/sites\/8\/2025\/10\/Bild-4-1024x768.jpeg\" alt=\"\" class=\"wp-image-5656\" srcset=\"https:\/\/www.tsv-muenchingen.de\/fussball\/wp-content\/uploads\/sites\/8\/2025\/10\/Bild-4-1024x768.jpeg 1024w, https:\/\/www.tsv-muenchingen.de\/fussball\/wp-content\/uploads\/sites\/8\/2025\/10\/Bild-4-300x225.jpeg 300w, https:\/\/www.tsv-muenchingen.de\/fussball\/wp-content\/uploads\/sites\/8\/2025\/10\/Bild-4-768x576.jpeg 768w, https:\/\/www.tsv-muenchingen.de\/fussball\/wp-content\/uploads\/sites\/8\/2025\/10\/Bild-4-1536x1152.jpeg 1536w, https:\/\/www.tsv-muenchingen.de\/fussball\/wp-content\/uploads\/sites\/8\/2025\/10\/Bild-4.jpeg 1600w\" sizes=\"auto, (max-width: 1024px) 100vw, 1024px\" \/><\/figure>\n","protected":false},"excerpt":{"rendered":"<p>Der TSV M\u00fcnchingen sagt herzlichen Dank an die Firma A.A. Stuckateur und Maler GmbH, die unsere B-Jugend mit einer kompletten Ausstattung an Heim- und Ausw\u00e4rtstrikots sowie neuen Warmlaufpullis ausgestattet hat. Doch damit nicht genug: In beeindruckender Eigeninitiative und auf eigene Kosten hat die Firma A.A. Stuckateur und Maler GmbH au\u00dferdem die Bewirtungs- und Lagerr\u00e4ume unseres [&hellip;]<\/p>\n","protected":false},"author":1,"featured_media":5663,"comment_status":"open","ping_status":"open","sticky":false,"template":"","format":"standard","meta":{"ngg_post_thumbnail":0,"footnotes":""},"categories":[1],"tags":[],"class_list":["post-5652","post","type-post","status-publish","format-standard","has-post-thumbnail","hentry","category-allgemein"],"publishpress_future_action":{"enabled":false,"date":"2026-05-07 12:19:09","action":"change-status","newStatus":"draft","terms":[],"taxonomy":"category","extraData":[]},"publishpress_future_workflow_manual_trigger":{"enabledWorkflows":[]},"_links":{"self":[{"href":"https:\/\/www.tsv-muenchingen.de\/fussball\/wp-json\/wp\/v2\/posts\/5652","targetHints":{"allow":["GET"]}}],"collection":[{"href":"https:\/\/www.tsv-muenchingen.de\/fussball\/wp-json\/wp\/v2\/posts"}],"about":[{"href":"https:\/\/www.tsv-muenchingen.de\/fussball\/wp-json\/wp\/v2\/types\/post"}],"author":[{"embeddable":true,"href":"https:\/\/www.tsv-muenchingen.de\/fussball\/wp-json\/wp\/v2\/users\/1"}],"replies":[{"embeddable":true,"href":"https:\/\/www.tsv-muenchingen.de\/fussball\/wp-json\/wp\/v2\/comments?post=5652"}],"version-history":[{"count":2,"href":"https:\/\/www.tsv-muenchingen.de\/fussball\/wp-json\/wp\/v2\/posts\/5652\/revisions"}],"predecessor-version":[{"id":5665,"href":"https:\/\/www.tsv-muenchingen.de\/fussball\/wp-json\/wp\/v2\/posts\/5652\/revisions\/5665"}],"wp:featuredmedia":[{"embeddable":true,"href":"https:\/\/www.tsv-muenchingen.de\/fussball\/wp-json\/wp\/v2\/media\/5663"}],"wp:attachment":[{"href":"https:\/\/www.tsv-muenchingen.de\/fussball\/wp-json\/wp\/v2\/media?parent=5652"}],"wp:term":[{"taxonomy":"category","embeddable":true,"href":"https:\/\/www.tsv-muenchingen.de\/fussball\/wp-json\/wp\/v2\/categories?post=5652"},{"taxonomy":"post_tag","embeddable":true,"href":"https:\/\/www.tsv-muenchingen.de\/fussball\/wp-json\/wp\/v2\/tags?post=5652"}],"curies":[{"name":"wp","href":"https:\/\/api.w.org\/{rel}","templated":true}]}}