{"id":260,"date":"2025-05-21T00:43:30","date_gmt":"2025-05-20T22:43:30","guid":{"rendered":"https:\/\/www.tsv-muenchingen.de\/leichtathletik\/?p=260"},"modified":"2025-05-26T21:16:28","modified_gmt":"2025-05-26T19:16:28","slug":"ergebnisse-des-muenchinger-stadtlaufs-2025","status":"publish","type":"post","link":"https:\/\/www.tsv-muenchingen.de\/leichtathletik\/2025\/05\/21\/ergebnisse-des-muenchinger-stadtlaufs-2025\/","title":{"rendered":"Stadtlauf 2025 \u2013 Ziellinie \u00fcberquert"},"content":{"rendered":"\n<p>Der Stadtlauf des HobaF\u00e4schd feierte am vergangenen Samstag sein 25. Jubil\u00e4um mit 370 Teilnehmern. B\u00fcrgermeister Noak gab um 17:30 Uhr den Startschuss f\u00fcr die 81 Bambinis. Es folgten Sch\u00fclerl\u00e4ufe \u00fcber 1 und 2 km, bei denen Medaillen, Podiumspl\u00e4tze und Sachpreise vergeben wurden. Die gr\u00f6\u00dfte Gruppe und die Klasse mit der h\u00f6chsten Beteiligung erhielten jeweils einen Wanderpokal und Hallenbad-Gutscheine. Die zahlreichen Zuschauer sorgten wieder f\u00fcr eine gro\u00dfartige Atmosph\u00e4re. Danke sch\u00f6n an das Organisationsteam, die freiwilligen HelferInnen und die Sponsoren Edeka Neumann, Mein Block, Eiscaf\u00e9 Veneto, Getr\u00e4nke Heck und die Stadt Korntal-M\u00fcnchingen. Wir freuen uns auf den n\u00e4chsten Stadtlauf!<\/p>\n\n\n\n<figure class=\"wp-block-image size-large\"><img loading=\"lazy\" decoding=\"async\" width=\"1024\" height=\"683\" src=\"https:\/\/www.tsv-muenchingen.de\/leichtathletik\/wp-content\/uploads\/sites\/5\/2025\/05\/image0-1024x683.jpeg\" alt=\"\" class=\"wp-image-270\" srcset=\"https:\/\/www.tsv-muenchingen.de\/leichtathletik\/wp-content\/uploads\/sites\/5\/2025\/05\/image0-1024x683.jpeg 1024w, https:\/\/www.tsv-muenchingen.de\/leichtathletik\/wp-content\/uploads\/sites\/5\/2025\/05\/image0-300x200.jpeg 300w, https:\/\/www.tsv-muenchingen.de\/leichtathletik\/wp-content\/uploads\/sites\/5\/2025\/05\/image0-768x512.jpeg 768w, https:\/\/www.tsv-muenchingen.de\/leichtathletik\/wp-content\/uploads\/sites\/5\/2025\/05\/image0-391x260.jpeg 391w, https:\/\/www.tsv-muenchingen.de\/leichtathletik\/wp-content\/uploads\/sites\/5\/2025\/05\/image0-1536x1024.jpeg 1536w, https:\/\/www.tsv-muenchingen.de\/leichtathletik\/wp-content\/uploads\/sites\/5\/2025\/05\/image0-272x182.jpeg 272w, https:\/\/www.tsv-muenchingen.de\/leichtathletik\/wp-content\/uploads\/sites\/5\/2025\/05\/image0.jpeg 2048w\" sizes=\"auto, (max-width: 1024px) 100vw, 1024px\" \/><\/figure>\n\n\n\n<p>Die kompletten Ergebnisse finden Sie unten.<\/p>\n\n\n\n<div data-wp-interactive=\"core\/file\" class=\"wp-block-file\"><object data-wp-bind--hidden=\"!state.hasPdfPreview\" hidden class=\"wp-block-file__embed\" data=\"https:\/\/www.tsv-muenchingen.de\/leichtathletik\/wp-content\/uploads\/sites\/5\/2025\/05\/1km-1.pdf\" type=\"application\/pdf\" style=\"width:100%;height:600px\" aria-label=\"Einbettung von 1km-1.\"><\/object><a id=\"wp-block-file--media-92623194-8229-4ff8-a831-9191aec76807\" href=\"https:\/\/www.tsv-muenchingen.de\/leichtathletik\/wp-content\/uploads\/sites\/5\/2025\/05\/1km-1.pdf\">1km-1<\/a><a href=\"https:\/\/www.tsv-muenchingen.de\/leichtathletik\/wp-content\/uploads\/sites\/5\/2025\/05\/1km-1.pdf\" class=\"wp-block-file__button wp-element-button\" download aria-describedby=\"wp-block-file--media-92623194-8229-4ff8-a831-9191aec76807\">Herunterladen<\/a><\/div>\n\n\n\n<div data-wp-interactive=\"core\/file\" class=\"wp-block-file\"><object data-wp-bind--hidden=\"!state.hasPdfPreview\" hidden class=\"wp-block-file__embed\" data=\"https:\/\/www.tsv-muenchingen.de\/leichtathletik\/wp-content\/uploads\/sites\/5\/2025\/05\/1km-2.pdf\" type=\"application\/pdf\" style=\"width:100%;height:600px\" aria-label=\"Einbettung von 1km-2.\"><\/object><a id=\"wp-block-file--media-0771386d-c34c-4ca0-9e62-0f1dbd8034b8\" href=\"https:\/\/www.tsv-muenchingen.de\/leichtathletik\/wp-content\/uploads\/sites\/5\/2025\/05\/1km-2.pdf\">1km-2<\/a><a href=\"https:\/\/www.tsv-muenchingen.de\/leichtathletik\/wp-content\/uploads\/sites\/5\/2025\/05\/1km-2.pdf\" class=\"wp-block-file__button wp-element-button\" download aria-describedby=\"wp-block-file--media-0771386d-c34c-4ca0-9e62-0f1dbd8034b8\">Herunterladen<\/a><\/div>\n\n\n\n<div data-wp-interactive=\"core\/file\" class=\"wp-block-file\"><object data-wp-bind--hidden=\"!state.hasPdfPreview\" hidden class=\"wp-block-file__embed\" data=\"https:\/\/www.tsv-muenchingen.de\/leichtathletik\/wp-content\/uploads\/sites\/5\/2025\/05\/1km-3.pdf\" type=\"application\/pdf\" style=\"width:100%;height:600px\" aria-label=\"Einbettung von 1km-3.\"><\/object><a id=\"wp-block-file--media-22b639bf-9c2c-4922-94ac-e47d6bd3cd55\" href=\"https:\/\/www.tsv-muenchingen.de\/leichtathletik\/wp-content\/uploads\/sites\/5\/2025\/05\/1km-3.pdf\">1km-3<\/a><a href=\"https:\/\/www.tsv-muenchingen.de\/leichtathletik\/wp-content\/uploads\/sites\/5\/2025\/05\/1km-3.pdf\" class=\"wp-block-file__button wp-element-button\" download aria-describedby=\"wp-block-file--media-22b639bf-9c2c-4922-94ac-e47d6bd3cd55\">Herunterladen<\/a><\/div>\n\n\n\n<div data-wp-interactive=\"core\/file\" class=\"wp-block-file\"><object data-wp-bind--hidden=\"!state.hasPdfPreview\" hidden class=\"wp-block-file__embed\" data=\"https:\/\/www.tsv-muenchingen.de\/leichtathletik\/wp-content\/uploads\/sites\/5\/2025\/05\/1km-4.pdf\" type=\"application\/pdf\" style=\"width:100%;height:600px\" aria-label=\"Einbettung von 1km-4.\"><\/object><a id=\"wp-block-file--media-1ca6debf-eee8-44d2-bf9b-80d0ba8fefc1\" href=\"https:\/\/www.tsv-muenchingen.de\/leichtathletik\/wp-content\/uploads\/sites\/5\/2025\/05\/1km-4.pdf\">1km-4<\/a><a href=\"https:\/\/www.tsv-muenchingen.de\/leichtathletik\/wp-content\/uploads\/sites\/5\/2025\/05\/1km-4.pdf\" class=\"wp-block-file__button wp-element-button\" download aria-describedby=\"wp-block-file--media-1ca6debf-eee8-44d2-bf9b-80d0ba8fefc1\">Herunterladen<\/a><\/div>\n\n\n\n<div data-wp-interactive=\"core\/file\" class=\"wp-block-file\"><object data-wp-bind--hidden=\"!state.hasPdfPreview\" hidden class=\"wp-block-file__embed\" data=\"https:\/\/www.tsv-muenchingen.de\/leichtathletik\/wp-content\/uploads\/sites\/5\/2025\/05\/2km.pdf\" type=\"application\/pdf\" style=\"width:100%;height:600px\" aria-label=\"Einbettung von 2km.\"><\/object><a id=\"wp-block-file--media-fb9f1b17-25da-4516-ae56-2639d970ec7c\" href=\"https:\/\/www.tsv-muenchingen.de\/leichtathletik\/wp-content\/uploads\/sites\/5\/2025\/05\/2km.pdf\">2km<\/a><a href=\"https:\/\/www.tsv-muenchingen.de\/leichtathletik\/wp-content\/uploads\/sites\/5\/2025\/05\/2km.pdf\" class=\"wp-block-file__button wp-element-button\" download aria-describedby=\"wp-block-file--media-fb9f1b17-25da-4516-ae56-2639d970ec7c\">Herunterladen<\/a><\/div>\n","protected":false},"excerpt":{"rendered":"<p>Der Stadtlauf des HobaF\u00e4schd feierte am vergangenen Samstag sein 25. Jubil\u00e4um mit 370 Teilnehmern. B\u00fcrgermeister Noak gab um 17:30 Uhr den Startschuss f\u00fcr die 81 Bambinis. Es folgten Sch\u00fclerl\u00e4ufe \u00fcber 1 und 2 km, bei denen Medaillen, Podiumspl\u00e4tze und Sachpreise vergeben wurden. Die gr\u00f6\u00dfte Gruppe und die Klasse mit der h\u00f6chsten Beteiligung erhielten jeweils einen [&hellip;]<\/p>\n","protected":false},"author":42,"featured_media":271,"comment_status":"closed","ping_status":"open","sticky":false,"template":"","format":"standard","meta":{"footnotes":""},"categories":[5],"tags":[],"class_list":["post-260","post","type-post","status-publish","format-standard","has-post-thumbnail","hentry","category-stadtlauf"],"publishpress_future_action":{"enabled":false,"date":"2026-05-09 13:10:31","action":"change-status","newStatus":"draft","terms":[],"taxonomy":"category","extraData":[]},"publishpress_future_workflow_manual_trigger":{"enabledWorkflows":[]},"_links":{"self":[{"href":"https:\/\/www.tsv-muenchingen.de\/leichtathletik\/wp-json\/wp\/v2\/posts\/260","targetHints":{"allow":["GET"]}}],"collection":[{"href":"https:\/\/www.tsv-muenchingen.de\/leichtathletik\/wp-json\/wp\/v2\/posts"}],"about":[{"href":"https:\/\/www.tsv-muenchingen.de\/leichtathletik\/wp-json\/wp\/v2\/types\/post"}],"author":[{"embeddable":true,"href":"https:\/\/www.tsv-muenchingen.de\/leichtathletik\/wp-json\/wp\/v2\/users\/42"}],"replies":[{"embeddable":true,"href":"https:\/\/www.tsv-muenchingen.de\/leichtathletik\/wp-json\/wp\/v2\/comments?post=260"}],"version-history":[{"count":3,"href":"https:\/\/www.tsv-muenchingen.de\/leichtathletik\/wp-json\/wp\/v2\/posts\/260\/revisions"}],"predecessor-version":[{"id":272,"href":"https:\/\/www.tsv-muenchingen.de\/leichtathletik\/wp-json\/wp\/v2\/posts\/260\/revisions\/272"}],"wp:featuredmedia":[{"embeddable":true,"href":"https:\/\/www.tsv-muenchingen.de\/leichtathletik\/wp-json\/wp\/v2\/media\/271"}],"wp:attachment":[{"href":"https:\/\/www.tsv-muenchingen.de\/leichtathletik\/wp-json\/wp\/v2\/media?parent=260"}],"wp:term":[{"taxonomy":"category","embeddable":true,"href":"https:\/\/www.tsv-muenchingen.de\/leichtathletik\/wp-json\/wp\/v2\/categories?post=260"},{"taxonomy":"post_tag","embeddable":true,"href":"https:\/\/www.tsv-muenchingen.de\/leichtathletik\/wp-json\/wp\/v2\/tags?post=260"}],"curies":[{"name":"wp","href":"https:\/\/api.w.org\/{rel}","templated":true}]}}