{"id":287,"date":"2026-02-06T17:09:49","date_gmt":"2026-02-06T16:09:49","guid":{"rendered":"https:\/\/www.tsv-muenchingen.de\/leichtathletik\/?p=287"},"modified":"2026-02-06T17:11:51","modified_gmt":"2026-02-06T16:11:51","slug":"muenchinger-stadtlauf-2026","status":"publish","type":"post","link":"https:\/\/www.tsv-muenchingen.de\/leichtathletik\/2026\/02\/06\/muenchinger-stadtlauf-2026\/","title":{"rendered":"M\u00fcnchinger Stadtlauf 2026"},"content":{"rendered":"\n<p>Auch dieses Jahr findet wieder ein M\u00fcnchinger Stadtlauf statt!<\/p>\n\n\n\n<p>Die L\u00e4ufe finden am <strong>Samstag, den 09.05.2026<\/strong> finden <strong>ab 17:30 Uhr<\/strong> statt.<br>Dabei haben wir folgende L\u00e4ufe:<\/p>\n\n\n\n<ul class=\"wp-block-list\">\n<li>Bambini-Lauf (600m) f\u00fcr alle Kinder, die noch nicht in der Schule sind<\/li>\n\n\n\n<li>1 km-L\u00e4ufe f\u00fcr Kinder aus den Klassen 1-4<\/li>\n\n\n\n<li>2 km-L\u00e4ufe f\u00fcr Kinder aus den Klassen 4 und h\u00f6her (Jahrg\u00e4nge 2012-2015)<\/li>\n<\/ul>\n\n\n\n<p>Preise gibt es f\u00fcr die ersten drei Sieger der L\u00e4uferklassen (also je Klasse). Bei den 2 km-L\u00e4ufen wird nach zwei Jahrgangsklassen (Jahrg\u00e4nge 2012+2013 und Jahrg\u00e4nge 2014+2015) gewertet.<\/p>\n\n\n\n<p>Die <strong>Meldegeb\u00fchren<\/strong> betragen pro Lauf 4 \u20ac, der Bambinilauf ist kostenlos. Die Voranmeldung ist bis <strong>Montag, den 04. Mai<\/strong> m\u00f6glich. <br>Eine Nachmeldung am Tag des Stadtlaufs ist bis 16:30 Uhr m\u00f6glich, zu den Meldegeb\u00fchren kommt eine <strong>Nachmeldegeb\u00fchr <\/strong>von 5 \u20ac hinzu.<\/p>\n\n\n\n<p>Details zur Anmeldung unter <a href=\"https:\/\/www.tsv-muenchingen.de\/leichtathletik\/stadtlauf\/\" data-type=\"URL\" data-id=\"https:\/\/www.tsv-muenchingen.de\/leichtathletik\/stadtlauf\/\">https:\/\/www.tsv-muenchingen.de\/leichtathletik\/stadtlauf<\/a><\/p>\n","protected":false},"excerpt":{"rendered":"<p>Auch dieses Jahr findet wieder ein M\u00fcnchinger Stadtlauf statt! Die L\u00e4ufe finden am Samstag, den 09.05.2026 finden ab 17:30 Uhr statt.Dabei haben wir folgende L\u00e4ufe: Preise gibt es f\u00fcr die ersten drei Sieger der L\u00e4uferklassen (also je Klasse). Bei den 2 km-L\u00e4ufen wird nach zwei Jahrgangsklassen (Jahrg\u00e4nge 2012+2013 und Jahrg\u00e4nge 2014+2015) gewertet. Die Meldegeb\u00fchren betragen [&hellip;]<\/p>\n","protected":false},"author":42,"featured_media":289,"comment_status":"closed","ping_status":"open","sticky":false,"template":"","format":"standard","meta":{"footnotes":""},"categories":[5],"tags":[],"class_list":["post-287","post","type-post","status-publish","format-standard","has-post-thumbnail","hentry","category-stadtlauf"],"publishpress_future_action":{"enabled":false,"date":"2026-05-08 23:20:58","action":"change-status","newStatus":"draft","terms":[],"taxonomy":"category","extraData":[]},"publishpress_future_workflow_manual_trigger":{"enabledWorkflows":[]},"_links":{"self":[{"href":"https:\/\/www.tsv-muenchingen.de\/leichtathletik\/wp-json\/wp\/v2\/posts\/287","targetHints":{"allow":["GET"]}}],"collection":[{"href":"https:\/\/www.tsv-muenchingen.de\/leichtathletik\/wp-json\/wp\/v2\/posts"}],"about":[{"href":"https:\/\/www.tsv-muenchingen.de\/leichtathletik\/wp-json\/wp\/v2\/types\/post"}],"author":[{"embeddable":true,"href":"https:\/\/www.tsv-muenchingen.de\/leichtathletik\/wp-json\/wp\/v2\/users\/42"}],"replies":[{"embeddable":true,"href":"https:\/\/www.tsv-muenchingen.de\/leichtathletik\/wp-json\/wp\/v2\/comments?post=287"}],"version-history":[{"count":1,"href":"https:\/\/www.tsv-muenchingen.de\/leichtathletik\/wp-json\/wp\/v2\/posts\/287\/revisions"}],"predecessor-version":[{"id":290,"href":"https:\/\/www.tsv-muenchingen.de\/leichtathletik\/wp-json\/wp\/v2\/posts\/287\/revisions\/290"}],"wp:featuredmedia":[{"embeddable":true,"href":"https:\/\/www.tsv-muenchingen.de\/leichtathletik\/wp-json\/wp\/v2\/media\/289"}],"wp:attachment":[{"href":"https:\/\/www.tsv-muenchingen.de\/leichtathletik\/wp-json\/wp\/v2\/media?parent=287"}],"wp:term":[{"taxonomy":"category","embeddable":true,"href":"https:\/\/www.tsv-muenchingen.de\/leichtathletik\/wp-json\/wp\/v2\/categories?post=287"},{"taxonomy":"post_tag","embeddable":true,"href":"https:\/\/www.tsv-muenchingen.de\/leichtathletik\/wp-json\/wp\/v2\/tags?post=287"}],"curies":[{"name":"wp","href":"https:\/\/api.w.org\/{rel}","templated":true}]}}